{"id":823,"date":"2026-03-09T19:36:45","date_gmt":"2026-03-09T19:36:45","guid":{"rendered":"https:\/\/espaciodeinfancias.com.ar\/?p=823"},"modified":"2026-03-09T19:37:06","modified_gmt":"2026-03-09T19:37:06","slug":"conciencia-fonologica-y-la-ensenanza-de-la-lectura-en-la-alfabetizacion-inicial%f0%9f%91%8c","status":"publish","type":"post","link":"https:\/\/espaciodeinfancias.com.ar\/?p=823","title":{"rendered":"Conciencia fonol\u00f3gica y la ense\u00f1anza de la lectura en la alfabetizaci\u00f3n inicial\ud83d\udc4c"},"content":{"rendered":"\n<h2 class=\"wp-block-heading\">\u00bfPor qu\u00e9 la conciencia fonol\u00f3gica es clave para aprender a leer?<\/h2>\n\n\n\n<p>Uno de los avances m\u00e1s significativos en el campo de la alfabetizaci\u00f3n inicial en las \u00faltimas d\u00e9cadas ha sido el reconocimiento del papel central que desempe\u00f1a la <strong>conciencia fonol\u00f3gica<\/strong> en la ense\u00f1anza de la lectura y la escritura.<\/p>\n\n\n\n<p>La conciencia fonol\u00f3gica refiere a la capacidad de reflexionar sobre los sonidos del lenguaje oral, identificarlos, segmentarlos y manipularlos. Esta habilidad constituye un predictor fundamental del \u00e9xito lector en los primeros a\u00f1os de escolaridad.<\/p>\n\n\n\n<p>Las investigaciones desarrolladas por <strong>Ana Mar\u00eda Borzone<\/strong> y <strong>Vanesa Demier<\/strong> han mostrado que el desarrollo sistem\u00e1tico de estas habilidades favorece significativamente el acceso al sistema de escritura.<\/p>\n\n\n\n<h2 class=\"wp-block-heading\">Conciencia fonol\u00f3gica y sistema de escritura<\/h2>\n\n\n\n<p>Aprender a leer implica comprender que las palabras escritas representan los sonidos del habla. Este principio alfab\u00e9tico requiere que los ni\u00f1os logren identificar unidades sonoras dentro de las palabras.<\/p>\n\n\n\n<p>Las actividades de segmentaci\u00f3n sil\u00e1bica, identificaci\u00f3n de rimas, reconocimiento de sonidos iniciales y manipulaci\u00f3n de fonemas contribuyen a desarrollar esta capacidad.<\/p>\n\n\n\n<h2 class=\"wp-block-heading\">Implicancias para la ense\u00f1anza<\/h2>\n\n\n\n<p>Las propuestas did\u00e1cticas orientadas a la alfabetizaci\u00f3n inicial deber\u00edan incluir actividades expl\u00edcitas de conciencia fonol\u00f3gica integradas a situaciones de lectura y escritura significativas.<\/p>\n\n\n\n<p>Este enfoque permite articular el desarrollo del lenguaje oral con el aprendizaje del sistema de escritura.<\/p>\n","protected":false},"excerpt":{"rendered":"<p>\u00bfPor qu\u00e9 la conciencia fonol\u00f3gica es clave para aprender a leer? Uno de los avances m\u00e1s significativos en el campo de la alfabetizaci\u00f3n inicial en las \u00faltimas d\u00e9cadas ha sido el reconocimiento del papel central que desempe\u00f1a la conciencia fonol\u00f3gica en la ense\u00f1anza de la lectura y la escritura. La conciencia fonol\u00f3gica refiere a la<\/p>\n<div class=\"more-link\">\n             <a href=\"https:\/\/espaciodeinfancias.com.ar\/?p=823\" class=\"link-btn\"><span>Seguir leyendo <\/span><i class=\"icofont-thin-double-right\"><\/i><\/a>\n        <\/div>\n","protected":false},"author":1,"featured_media":0,"comment_status":"closed","ping_status":"","sticky":false,"template":"","format":"standard","meta":{"footnotes":""},"categories":[1],"tags":[],"class_list":["post-823","post","type-post","status-publish","format-standard","hentry","category-uncategorized"],"_links":{"self":[{"href":"https:\/\/espaciodeinfancias.com.ar\/index.php?rest_route=\/wp\/v2\/posts\/823","targetHints":{"allow":["GET"]}}],"collection":[{"href":"https:\/\/espaciodeinfancias.com.ar\/index.php?rest_route=\/wp\/v2\/posts"}],"about":[{"href":"https:\/\/espaciodeinfancias.com.ar\/index.php?rest_route=\/wp\/v2\/types\/post"}],"author":[{"embeddable":true,"href":"https:\/\/espaciodeinfancias.com.ar\/index.php?rest_route=\/wp\/v2\/users\/1"}],"replies":[{"embeddable":true,"href":"https:\/\/espaciodeinfancias.com.ar\/index.php?rest_route=%2Fwp%2Fv2%2Fcomments&post=823"}],"version-history":[{"count":2,"href":"https:\/\/espaciodeinfancias.com.ar\/index.php?rest_route=\/wp\/v2\/posts\/823\/revisions"}],"predecessor-version":[{"id":825,"href":"https:\/\/espaciodeinfancias.com.ar\/index.php?rest_route=\/wp\/v2\/posts\/823\/revisions\/825"}],"wp:attachment":[{"href":"https:\/\/espaciodeinfancias.com.ar\/index.php?rest_route=%2Fwp%2Fv2%2Fmedia&parent=823"}],"wp:term":[{"taxonomy":"category","embeddable":true,"href":"https:\/\/espaciodeinfancias.com.ar\/index.php?rest_route=%2Fwp%2Fv2%2Fcategories&post=823"},{"taxonomy":"post_tag","embeddable":true,"href":"https:\/\/espaciodeinfancias.com.ar\/index.php?rest_route=%2Fwp%2Fv2%2Ftags&post=823"}],"curies":[{"name":"wp","href":"https:\/\/api.w.org\/{rel}","templated":true}]}}